{"id":425,"date":"2021-10-04T08:13:16","date_gmt":"2021-10-04T08:13:16","guid":{"rendered":"https:\/\/themexriver.com\/wp\/fastrans\/?p=425"},"modified":"2025-11-12T06:41:31","modified_gmt":"2025-11-12T06:41:31","slug":"surdurulebilir-lojistik-karbon-ayak-izini-azaltmak","status":"publish","type":"post","link":"https:\/\/ankaekspres.com\/en\/surdurulebilir-lojistik-karbon-ayak-izini-azaltmak\/","title":{"rendered":"S\u00fcrd\u00fcr\u00fclebilir Lojistik: Karbon Ayak \u0130zini Azaltmak"},"content":{"rendered":"<p>K\u00fcresel ticaret b\u00fcy\u00fcrken, \u00e7evresel etkiler de ayn\u0131 h\u0131zla art\u0131yor. Lojistik sekt\u00f6r\u00fc, k\u00fcresel karbon emisyonlar\u0131n\u0131n yakla\u015f\u0131k y\u00fczde 20\u2019sinden sorumlu. Bu oran, ta\u015f\u0131mac\u0131l\u0131k, depolama ve enerji t\u00fcketimi d\u00fc\u015f\u00fcn\u00fcld\u00fc\u011f\u00fcnde daha da y\u00fckseliyor. Art\u0131k sadece \u00fcr\u00fcnleri zaman\u0131nda teslim etmek yeterli de\u011fil; bunu \u00e7evreye zarar vermeden yapmak da rekabetin yeni \u00f6l\u00e7\u00fct\u00fc haline geldi. \u201c<strong>S\u00fcrd\u00fcr\u00fclebilir lojistik<\/strong>\u201d tam olarak bu anlay\u0131\u015f\u0131n \u00fcr\u00fcn\u00fc: daha az enerji, daha verimli rotalar ve daha ye\u015fil operasyonlar.<\/p>\n\n\n\n<hr class=\"wp-block-separator has-alpha-channel-opacity\"\/>\n\n\n\n<h3 class=\"wp-block-heading\"><strong>S\u00fcrd\u00fcr\u00fclebilir Lojistik Nedir?<\/strong><\/h3>\n\n\n\n<p>S\u00fcrd\u00fcr\u00fclebilir lojistik, ta\u015f\u0131mac\u0131l\u0131ktan depolamaya kadar t\u00fcm s\u00fcre\u00e7lerde \u00e7evresel etkileri en aza indirmeyi hedefleyen bir yakla\u015f\u0131md\u0131r. Ama\u00e7 yaln\u0131zca karbon sal\u0131m\u0131n\u0131 azaltmak de\u011fil, ayn\u0131 zamanda enerji verimlili\u011fi, at\u0131k y\u00f6netimi ve kaynak optimizasyonu sa\u011flamakt\u0131r.<br>Bir lojistik \u015firketinin s\u00fcrd\u00fcr\u00fclebilirlik stratejisi, hem <strong>ekonomik k\u00e2rl\u0131l\u0131k<\/strong> hem de <strong>\u00e7evresel sorumluluk<\/strong> aras\u0131nda denge kurmay\u0131 ama\u00e7lar. Bu da, hem i\u015fletmenin maliyetlerini d\u00fc\u015f\u00fcr\u00fcr hem de markan\u0131n sosyal itibar\u0131n\u0131 g\u00fc\u00e7lendirir.<\/p>\n\n\n\n<hr class=\"wp-block-separator has-alpha-channel-opacity\"\/>\n\n\n\n<h3 class=\"wp-block-heading\"><strong>Karbon Ayak \u0130zini Azaltman\u0131n \u00d6nemi<\/strong><\/h3>\n\n\n\n<p>Karbon ayak izi, bir \u00fcr\u00fcn\u00fcn \u00fcretiminden t\u00fcketimine kadar ge\u00e7en s\u00fcre\u00e7te atmosfere sal\u0131nan toplam karbon miktar\u0131n\u0131 ifade eder. Lojistik operasyonlar\u0131 bu zincirin en enerji yo\u011fun halkalar\u0131ndan biridir. Kamyon, gemi, u\u00e7ak ve depo operasyonlar\u0131nda kullan\u0131lan fosil yak\u0131tlar, sera gaz\u0131 sal\u0131m\u0131n\u0131 do\u011frudan etkiler.<br>Bir\u00e7ok \u00fclke art\u0131k karbon emisyonlar\u0131n\u0131 yasal d\u00fczenlemelerle s\u0131n\u0131rl\u0131yor. Bu da \u015firketler i\u00e7in sadece etik de\u011fil, stratejik bir zorunluluk yarat\u0131yor. Karbon ayak izini azaltan bir i\u015fletme, gelece\u011fin ye\u015fil ekonomisinde daha avantajl\u0131 konuma ge\u00e7iyor.<\/p>\n\n\n\n<hr class=\"wp-block-separator has-alpha-channel-opacity\"\/>\n\n\n\n<h3 class=\"wp-block-heading\"><strong>Ye\u015fil Ta\u015f\u0131mac\u0131l\u0131\u011f\u0131n Y\u00fckseli\u015fi<\/strong><\/h3>\n\n\n\n<p>Son y\u0131llarda lojistikte d\u00fc\u015f\u00fck emisyonlu ta\u015f\u0131mac\u0131l\u0131k y\u00f6ntemleri \u00f6ne \u00e7\u0131k\u0131yor. Elektrikli ve hibrit kamyonlar, biyoyak\u0131tla \u00e7al\u0131\u015fan ta\u015f\u0131ma filolar\u0131 ve hatta hidrojen enerjisiyle \u00e7al\u0131\u015fan lojistik ara\u00e7lar\u0131, karbon sal\u0131m\u0131n\u0131 dramatik bi\u00e7imde azaltabiliyor.<br>Bununla birlikte, rota optimizasyonu sa\u011flayan yapay zeka tabanl\u0131 yaz\u0131l\u0131mlar, gereksiz kilometreleri ortadan kald\u0131rarak yak\u0131t t\u00fcketimini d\u00fc\u015f\u00fcr\u00fcyor. \u00d6rne\u011fin, ayn\u0131 g\u00fczerg\u00e2hta birden fazla teslimat\u0131 planlamak, hem maliyet hem karbon a\u00e7\u0131s\u0131ndan b\u00fcy\u00fck bir fark yaratabiliyor.<br>Bu t\u00fcr inovasyonlar, sadece \u00e7evreye de\u011fil, i\u015fletmenin b\u00fct\u00e7esine de do\u011frudan katk\u0131 sa\u011fl\u0131yor.<\/p>\n\n\n\n<hr class=\"wp-block-separator has-alpha-channel-opacity\"\/>\n\n\n\n<h3 class=\"wp-block-heading\"><strong>Depolama ve Enerji Verimlili\u011fi<\/strong><\/h3>\n\n\n\n<p>Depolama alanlar\u0131 da s\u00fcrd\u00fcr\u00fclebilir lojisti\u011fin \u00f6nemli bir par\u00e7as\u0131d\u0131r. Geleneksel depolar y\u00fcksek enerji t\u00fcketimiyle bilinirken, yeni nesil ak\u0131ll\u0131 depolar enerji tasarruflu ayd\u0131nlatma sistemleri, g\u00fcne\u015f panelleri ve otomatik s\u0131cakl\u0131k kontrol\u00fcyle donat\u0131l\u0131yor.<br>Ayr\u0131ca, stok y\u00f6netiminin dijitalle\u015fmesi sayesinde gereksiz malzeme ta\u015f\u0131malar\u0131 ortadan kalk\u0131yor. Her hareket, her ta\u015f\u0131ma plan\u0131 daha az enerjiyle daha fazla verim sa\u011flayacak \u015fekilde optimize ediliyor. Bu da hem karbon sal\u0131m\u0131n\u0131 hem de operasyon maliyetlerini d\u00fc\u015f\u00fcr\u00fcyor.<\/p>\n\n\n\n<hr class=\"wp-block-separator has-alpha-channel-opacity\"\/>\n\n\n\n<h3 class=\"wp-block-heading\"><strong>S\u00fcrd\u00fcr\u00fclebilir Lojistikte Teknolojinin Rol\u00fc<\/strong><\/h3>\n\n\n\n<p>Yapay zeka, IoT sens\u00f6rleri ve veri analiti\u011fi art\u0131k sadece b\u00fcy\u00fck \u015firketlerin de\u011fil, KOB\u0130\u2019lerin de eri\u015febildi\u011fi teknolojiler haline geldi. Bu sistemler, ara\u00e7lardan depolara kadar t\u00fcm operasyonel s\u00fcre\u00e7leri \u00f6l\u00e7\u00fcmleyerek enerji t\u00fcketimini izliyor ve verimlilik raporlar\u0131 olu\u015fturuyor.<br>Ger\u00e7ek zamanl\u0131 veri analizi, hangi ara\u00e7lar\u0131n fazla yak\u0131t harcad\u0131\u011f\u0131n\u0131, hangi rotalar\u0131n karbon a\u00e7\u0131s\u0131ndan daha verimli oldu\u011funu ortaya koyuyor. B\u00f6ylece lojistik y\u00f6neticileri, sadece maliyet odakl\u0131 de\u011fil, ayn\u0131 zamanda \u00e7evresel etkiyi minimize eden kararlar alabiliyor.<\/p>\n\n\n\n<hr class=\"wp-block-separator has-alpha-channel-opacity\"\/>\n\n\n\n<h3 class=\"wp-block-heading\"><strong>Marka De\u011ferine Katk\u0131s\u0131<\/strong><\/h3>\n\n\n\n<p>S\u00fcrd\u00fcr\u00fclebilir lojistik yaln\u0131zca operasyonel bir karar de\u011fildir; ayn\u0131 zamanda g\u00fc\u00e7l\u00fc bir pazarlama mesaj\u0131d\u0131r. T\u00fcketiciler giderek daha bilin\u00e7li hale geliyor ve \u00e7evre dostu markalar\u0131 tercih ediyor.<br>Karbon sal\u0131m\u0131n\u0131 azaltan bir lojistik stratejisi, i\u015fletmeyi sadece verimli de\u011fil, ayn\u0131 zamanda etik bir akt\u00f6r haline getiriyor. Bu da markaya g\u00fcven kazand\u0131r\u0131yor, yat\u0131r\u0131mc\u0131lar\u0131n ilgisini \u00e7ekiyor ve uluslararas\u0131 pazarlarda yeni f\u0131rsatlar yarat\u0131yor.<br>Bir \u015firketin \u00e7evreye olan duyarl\u0131l\u0131\u011f\u0131, g\u00fcn\u00fcm\u00fczde rekabet avantaj\u0131 kadar <strong>itibar avantaj\u0131<\/strong> da sa\u011fl\u0131yor<\/p>\n\n\n\n<p>S\u00fcrd\u00fcr\u00fclebilir lojistik, art\u0131k gelece\u011fin de\u011fil, bug\u00fcn\u00fcn zorunlulu\u011fu. Karbon ayak izini azaltmak yaln\u0131zca \u00e7evre i\u00e7in de\u011fil, ayn\u0131 zamanda i\u015fletmelerin uzun vadeli ba\u015far\u0131s\u0131 i\u00e7in kritik bir stratejidir.<br>Enerji verimlili\u011fi, dijital d\u00f6n\u00fc\u015f\u00fcm, ye\u015fil ta\u015f\u0131mac\u0131l\u0131k ve \u00e7evreci depolama \u00e7\u00f6z\u00fcmleri, lojistik sekt\u00f6r\u00fcn\u00fc yeniden \u015fekillendiriyor.<br>Bug\u00fcn at\u0131lan k\u00fc\u00e7\u00fck ad\u0131mlar, yar\u0131n\u0131n rekabet avantaj\u0131n\u0131 belirleyecek. S\u00fcrd\u00fcr\u00fclebilir lojisti\u011fe yat\u0131r\u0131m yapan i\u015fletmeler, hem \u00e7evreyi koruyacak hem de ekonomik olarak daha sa\u011flam bir gelecek in\u015fa edecek.<\/p>","protected":false},"excerpt":{"rendered":"<p>K\u00fcresel ticaret b\u00fcy\u00fcrken, \u00e7evresel etkiler de ayn\u0131 h\u0131zla art\u0131yor. Lojistik sekt\u00f6r\u00fc, k\u00fcresel karbon emisyonlar\u0131n\u0131n yakla\u015f\u0131k y\u00fczde 20\u2019sinden sorumlu. Bu oran, ta\u015f\u0131mac\u0131l\u0131k, depolama ve enerji t\u00fcketimi d\u00fc\u015f\u00fcn\u00fcld\u00fc\u011f\u00fcnde daha da y\u00fckseliyor. Art\u0131k sadece \u00fcr\u00fcnleri zaman\u0131nda teslim etmek yeterli de\u011fil; bunu \u00e7evreye zarar vermeden yapmak da rekabetin yeni \u00f6l\u00e7\u00fct\u00fc haline geldi. \u201cS\u00fcrd\u00fcr\u00fclebilir lojistik\u201d tam olarak bu anlay\u0131\u015f\u0131n \u00fcr\u00fcn\u00fc: [&hellip;]<\/p>","protected":false},"author":1,"featured_media":876,"comment_status":"open","ping_status":"open","sticky":false,"template":"","format":"standard","meta":{"om_disable_all_campaigns":false,"_monsterinsights_skip_tracking":false,"_monsterinsights_sitenote_active":false,"_monsterinsights_sitenote_note":"","_monsterinsights_sitenote_category":0,"footnotes":""},"categories":[51],"tags":[54,50],"class_list":["post-425","post","type-post","status-publish","format-standard","has-post-thumbnail","hentry","category-yayinlar","tag-lojistik","tag-tasimacilik"],"aioseo_notices":[],"_links":{"self":[{"href":"https:\/\/ankaekspres.com\/en\/wp-json\/wp\/v2\/posts\/425","targetHints":{"allow":["GET"]}}],"collection":[{"href":"https:\/\/ankaekspres.com\/en\/wp-json\/wp\/v2\/posts"}],"about":[{"href":"https:\/\/ankaekspres.com\/en\/wp-json\/wp\/v2\/types\/post"}],"author":[{"embeddable":true,"href":"https:\/\/ankaekspres.com\/en\/wp-json\/wp\/v2\/users\/1"}],"replies":[{"embeddable":true,"href":"https:\/\/ankaekspres.com\/en\/wp-json\/wp\/v2\/comments?post=425"}],"version-history":[{"count":2,"href":"https:\/\/ankaekspres.com\/en\/wp-json\/wp\/v2\/posts\/425\/revisions"}],"predecessor-version":[{"id":2819,"href":"https:\/\/ankaekspres.com\/en\/wp-json\/wp\/v2\/posts\/425\/revisions\/2819"}],"wp:featuredmedia":[{"embeddable":true,"href":"https:\/\/ankaekspres.com\/en\/wp-json\/wp\/v2\/media\/876"}],"wp:attachment":[{"href":"https:\/\/ankaekspres.com\/en\/wp-json\/wp\/v2\/media?parent=425"}],"wp:term":[{"taxonomy":"category","embeddable":true,"href":"https:\/\/ankaekspres.com\/en\/wp-json\/wp\/v2\/categories?post=425"},{"taxonomy":"post_tag","embeddable":true,"href":"https:\/\/ankaekspres.com\/en\/wp-json\/wp\/v2\/tags?post=425"}],"curies":[{"name":"wp","href":"https:\/\/api.w.org\/{rel}","templated":true}]}}